{"id":2110,"date":"2020-07-03T08:28:00","date_gmt":"2020-07-03T06:28:00","guid":{"rendered":"https:\/\/pianoiturbi.dival.es\/el-premi-iturbi-estrena-nova-imatge\/"},"modified":"2020-07-09T08:36:30","modified_gmt":"2020-07-09T06:36:30","slug":"el-premi-iturbi-estrena-nova-imatge","status":"publish","type":"post","link":"https:\/\/pianoiturbi.dival.es\/ca\/el-premi-iturbi-estrena-nova-imatge\/","title":{"rendered":"El Premi Iturbi estrena nova imatge"},"content":{"rendered":"\n<p><p><\/p><p><strong>La nova imatge del Premi est\u00e0 creada per Dani Nebot, i posa cara als diferents esdeveniments que formen part de l&#8217;Iturbi.<\/strong><\/p><br><\/p>\n\n\n\n<strong>Per a la diputada del Premi Iturbi, Gl\u00f2ria Tello, \u201cEsta nova imatge posa de manifest la renovaci\u00f3 que el Premi Iturbi est\u00e0 duent a terme durant els \u00faltims mesos\u201d.\r\n\r\n<\/strong><br><br>\n\n\n\n<strong>El Premi presenta tamb\u00e9 la seua nova p\u00e0gina web (pianoiturbi.dival.es), a trav\u00e9s de la qual podran consultar-se totes les novetats relatives al XXI Concurs Iturbi.<strong><br><br><\/strong><\/strong>\n\n\n\n<hr class=\"wp-block-separator\"\/>\n\n\n\n<p><p><\/p><p>El Premi Iturbi de la Diputaci\u00f3 de Val\u00e8ncia ha presentat la nova imatge, creada per Dani Nebot i que \u201cposa de manifest la renovaci\u00f3 que el Premi Iturbi est\u00e0 duent a terme durant els \u00faltims mesos, a partir del nomenament de l&#8217;eminent concertista Joaqu\u00edn Ach\u00facarro com a nou director art\u00edstic, aix\u00ed com amb la creaci\u00f3 d&#8217;una comissi\u00f3, coordinada per \u00d2scar Oliver i formada pels pianistes Josu de Solaun, Carles Mar\u00edn i Emma Jim\u00e9nez\u201d ha explicat la diputada de l&#8217;Iturbi, Gl\u00f2ria Tello.<\/p><br><\/p>\n\n\n\nLa imatge de Dani Nebot posa cara als diferents esdeveniments que formen part del Premi Iturbi a partir del seu eix principal, el XXI Concurs Internacional de Piano de Val\u00e8ncia ITURBI, el qual es desenvolupar\u00e0 entre el 23 de juny i el 3 de juliol de 2021.<br><br>\n\n\n\nEl Premi Iturbi presenta tamb\u00e9 la seua nova p\u00e0gina web (pianoiturbi.dival.es), a trav\u00e9s de la qual podran consultar-se totes les novetats relatives al XXI Concurs Iturbi, aix\u00ed com realitzar la inscripci\u00f3 online fins al 31 d&#8217;octubre. En la mateixa p\u00e0gina web s&#8217;aniran anunciant les diferents activitats que conformen el 125 Aniversari Jos\u00e9 Iturbi, aix\u00ed com el contingut del I Festival Iturbi.<br><br>\n\n\n\n<h3><strong>Novetats de l\u2019Iturbi<\/strong><\/h3>\n\n\n\n<p><p><\/p><p>La comissi\u00f3 encarregada de la posada en marxa del XXI Concurs Internacional de Piano de Val\u00e8ncia ITURBI, encap\u00e7alada per Joaqu\u00edn Ach\u00facarro com a director art\u00edstic, ha dissenyat un renovat model de concurs que va obrir, el passat 1 de juny, el seu per\u00edode d&#8217;inscripcions.<\/p><br><\/p>\n\n\n\n<p><p><\/p><p>Entre les novetats que presenta figuren l&#8217;augment de l&#8217;edat l\u00edmit fins a 36 anys, aix\u00ed com una major flexibilitat a l&#8217;hora de conformar el repertori a interpretar durant les proves. El concurs comptar\u00e0 amb la participaci\u00f3 de l&#8217;Orquestra de Val\u00e8ncia tant en la Final I com en la Gran Final.<\/p><br><\/p>\n\n\n\nAix\u00ed mateix, el Premi Iturbi ha encarregat al compositor valenci\u00e0 \u00d2scar Colomina la creaci\u00f3 d&#8217;una obra, amb motiu del 40 aniversari de la seua fundaci\u00f3 en 2021, que ser\u00e0 interpretada per aquells participants que aconseguisquen la semifinal.<br><br>\n\n\n\nCom assenyala la diputada de l&#8217;Iturbi, Gl\u00f2ria Tello, \u201ca partir de setembre d&#8217;enguany, el Premi Iturbi celebrar\u00e0 el 125 aniversari del naixement del pianista valenci\u00e0 amb una programaci\u00f3 especial\u201d. El 125 Aniversari Jos\u00e9 Iturbi s&#8217;iniciar\u00e0 amb el primer Festival Internacional de Piano de Val\u00e8ncia ITURBI, que tindr\u00e0 lloc entre el 22 i el 27 de setembre de 2020 en el Centre Cultural La Benefic\u00e8ncia.\n","protected":false},"excerpt":{"rendered":"<p>La nova imatge del Premi est\u00e0 creada per Dani Nebot, i posa cara als diferents esdeveniments que formen part de l&#8217;Iturbi. Per a la diputada del Premi Iturbi, Gl\u00f2ria Tello, [&hellip;]<\/p>\n","protected":false},"author":2,"featured_media":1964,"comment_status":"open","ping_status":"open","sticky":false,"template":"","format":"standard","meta":{"_tec_requires_first_save":true,"site-sidebar-layout":"default","site-content-layout":"default","ast-site-content-layout":"","site-content-style":"default","site-sidebar-style":"default","ast-global-header-display":"","ast-banner-title-visibility":"","ast-main-header-display":"","ast-hfb-above-header-display":"","ast-hfb-below-header-display":"","ast-hfb-mobile-header-display":"","site-post-title":"","ast-breadcrumbs-content":"","ast-featured-img":"","footer-sml-layout":"","theme-transparent-header-meta":"default","adv-header-id-meta":"","stick-header-meta":"","header-above-stick-meta":"","header-main-stick-meta":"","header-below-stick-meta":"","astra-migrate-meta-layouts":"default","ast-page-background-enabled":"default","ast-page-background-meta":{"desktop":{"background-color":"","background-image":"","background-repeat":"repeat","background-position":"center center","background-size":"auto","background-attachment":"scroll","background-type":"","background-media":"","overlay-type":"","overlay-color":"","overlay-opacity":"","overlay-gradient":""},"tablet":{"background-color":"","background-image":"","background-repeat":"repeat","background-position":"center center","background-size":"auto","background-attachment":"scroll","background-type":"","background-media":"","overlay-type":"","overlay-color":"","overlay-opacity":"","overlay-gradient":""},"mobile":{"background-color":"","background-image":"","background-repeat":"repeat","background-position":"center center","background-size":"auto","background-attachment":"scroll","background-type":"","background-media":"","overlay-type":"","overlay-color":"","overlay-opacity":"","overlay-gradient":""}},"ast-content-background-meta":{"desktop":{"background-color":"var(--ast-global-color-5)","background-image":"","background-repeat":"repeat","background-position":"center center","background-size":"auto","background-attachment":"scroll","background-type":"","background-media":"","overlay-type":"","overlay-color":"","overlay-opacity":"","overlay-gradient":""},"tablet":{"background-color":"var(--ast-global-color-5)","background-image":"","background-repeat":"repeat","background-position":"center center","background-size":"auto","background-attachment":"scroll","background-type":"","background-media":"","overlay-type":"","overlay-color":"","overlay-opacity":"","overlay-gradient":""},"mobile":{"background-color":"var(--ast-global-color-5)","background-image":"","background-repeat":"repeat","background-position":"center center","background-size":"auto","background-attachment":"scroll","background-type":"","background-media":"","overlay-type":"","overlay-color":"","overlay-opacity":"","overlay-gradient":""}},"_EventAllDay":false,"_EventTimezone":"","_EventStartDate":"","_EventEndDate":"","_EventStartDateUTC":"","_EventEndDateUTC":"","_EventShowMap":false,"_EventShowMapLink":false,"_EventURL":"","_EventCost":"","_EventCostDescription":"","_EventCurrencySymbol":"","_EventCurrencyCode":"","_EventCurrencyPosition":"","_EventDateTimeSeparator":"","_EventTimeRangeSeparator":"","_EventOrganizerID":[],"_EventVenueID":[],"_OrganizerEmail":"","_OrganizerPhone":"","_OrganizerWebsite":"","_VenueAddress":"","_VenueCity":"","_VenueCountry":"","_VenueProvince":"","_VenueState":"","_VenueZip":"","_VenuePhone":"","_VenueURL":"","_VenueStateProvince":"","_VenueLat":"","_VenueLng":"","_VenueShowMap":false,"_VenueShowMapLink":false,"_tribe_blocks_recurrence_rules":"","_tribe_blocks_recurrence_description":"","_tribe_blocks_recurrence_exclusions":"","footnotes":""},"categories":[11],"tags":[],"class_list":["post-2110","post","type-post","status-publish","format-standard","has-post-thumbnail","hentry","category-sense-categoria"],"yoast_head":"<!-- This site is optimized with the Yoast SEO plugin v27.5 - https:\/\/yoast.com\/product\/yoast-seo-wordpress\/ -->\n<title>El Premi Iturbi estrena nova imatge - Piano Iturbi<\/title>\n<meta name=\"description\" content=\"El Concurs Internacional de Piano de Val\u00e8ncia Iturbi, plataforma per a joves pianistes de tot el m\u00f3n, \u00e9s un referent de l&#039;escena musical internacional, en combinaci\u00f3 amb el Festival de Piano Iturbi i el programa de recitals\" \/>\n<meta name=\"robots\" content=\"index, follow, max-snippet:-1, max-image-preview:large, max-video-preview:-1\" \/>\n<link rel=\"canonical\" href=\"https:\/\/pianoiturbi.dival.es\/el-premio-iturbi-estrena-nueva-imagen\/\" \/>\n<meta property=\"og:locale\" content=\"ca_ES\" \/>\n<meta property=\"og:type\" content=\"article\" \/>\n<meta property=\"og:title\" content=\"El Premi Iturbi estrena nova imatge - Piano Iturbi\" \/>\n<meta property=\"og:description\" content=\"El Concurs Internacional de Piano de Val\u00e8ncia Iturbi, plataforma per a joves pianistes de tot el m\u00f3n, \u00e9s un referent de l&#039;escena musical internacional, en combinaci\u00f3 amb el Festival de Piano Iturbi i el programa de recitals\" \/>\n<meta property=\"og:url\" content=\"https:\/\/pianoiturbi.dival.es\/el-premio-iturbi-estrena-nueva-imagen\/\" \/>\n<meta property=\"og:site_name\" content=\"Piano Iturbi\" \/>\n<meta property=\"article:published_time\" content=\"2020-07-03T06:28:00+00:00\" \/>\n<meta property=\"article:modified_time\" content=\"2020-07-09T06:36:30+00:00\" \/>\n<meta property=\"og:image\" content=\"https:\/\/pianoiturbi.dival.es\/wp-content\/uploads\/Caratulas-WEB-01-1.jpg\" \/>\n\t<meta property=\"og:image:width\" content=\"1276\" \/>\n\t<meta property=\"og:image:height\" content=\"1772\" \/>\n\t<meta property=\"og:image:type\" content=\"image\/jpeg\" \/>\n<meta name=\"author\" content=\"Uebart.Com\" \/>\n<meta name=\"twitter:card\" content=\"summary_large_image\" \/>\n<meta name=\"twitter:label1\" content=\"Escrit per\" \/>\n\t<meta name=\"twitter:data1\" content=\"Uebart.Com\" \/>\n\t<meta name=\"twitter:label2\" content=\"Temps estimat de lectura\" \/>\n\t<meta name=\"twitter:data2\" content=\"2 minuts\" \/>\n<script type=\"application\/ld+json\" class=\"yoast-schema-graph\">{\"@context\":\"https:\\\/\\\/schema.org\",\"@graph\":[{\"@type\":\"Article\",\"@id\":\"https:\\\/\\\/pianoiturbi.dival.es\\\/el-premio-iturbi-estrena-nueva-imagen\\\/#article\",\"isPartOf\":{\"@id\":\"https:\\\/\\\/pianoiturbi.dival.es\\\/el-premio-iturbi-estrena-nueva-imagen\\\/\"},\"author\":{\"name\":\"Uebart.Com\",\"@id\":\"https:\\\/\\\/pianoiturbi.dival.es\\\/#\\\/schema\\\/person\\\/0bd12dddf0a443414be377657e55b4f5\"},\"headline\":\"El Premi Iturbi estrena nova imatge\",\"datePublished\":\"2020-07-03T06:28:00+00:00\",\"dateModified\":\"2020-07-09T06:36:30+00:00\",\"mainEntityOfPage\":{\"@id\":\"https:\\\/\\\/pianoiturbi.dival.es\\\/el-premio-iturbi-estrena-nueva-imagen\\\/\"},\"wordCount\":484,\"commentCount\":0,\"image\":{\"@id\":\"https:\\\/\\\/pianoiturbi.dival.es\\\/el-premio-iturbi-estrena-nueva-imagen\\\/#primaryimage\"},\"thumbnailUrl\":\"https:\\\/\\\/pianoiturbi.dival.es\\\/wp-content\\\/uploads\\\/Caratulas-WEB-01-1.jpg\",\"inLanguage\":\"ca\",\"potentialAction\":[{\"@type\":\"CommentAction\",\"name\":\"Comment\",\"target\":[\"https:\\\/\\\/pianoiturbi.dival.es\\\/el-premio-iturbi-estrena-nueva-imagen\\\/#respond\"]}]},{\"@type\":\"WebPage\",\"@id\":\"https:\\\/\\\/pianoiturbi.dival.es\\\/el-premio-iturbi-estrena-nueva-imagen\\\/\",\"url\":\"https:\\\/\\\/pianoiturbi.dival.es\\\/el-premio-iturbi-estrena-nueva-imagen\\\/\",\"name\":\"El Premi Iturbi estrena nova imatge - Piano Iturbi\",\"isPartOf\":{\"@id\":\"https:\\\/\\\/pianoiturbi.dival.es\\\/#website\"},\"primaryImageOfPage\":{\"@id\":\"https:\\\/\\\/pianoiturbi.dival.es\\\/el-premio-iturbi-estrena-nueva-imagen\\\/#primaryimage\"},\"image\":{\"@id\":\"https:\\\/\\\/pianoiturbi.dival.es\\\/el-premio-iturbi-estrena-nueva-imagen\\\/#primaryimage\"},\"thumbnailUrl\":\"https:\\\/\\\/pianoiturbi.dival.es\\\/wp-content\\\/uploads\\\/Caratulas-WEB-01-1.jpg\",\"datePublished\":\"2020-07-03T06:28:00+00:00\",\"dateModified\":\"2020-07-09T06:36:30+00:00\",\"author\":{\"@id\":\"https:\\\/\\\/pianoiturbi.dival.es\\\/#\\\/schema\\\/person\\\/0bd12dddf0a443414be377657e55b4f5\"},\"description\":\"El Concurs Internacional de Piano de Val\u00e8ncia Iturbi, plataforma per a joves pianistes de tot el m\u00f3n, \u00e9s un referent de l'escena musical internacional, en combinaci\u00f3 amb el Festival de Piano Iturbi i el programa de recitals\",\"breadcrumb\":{\"@id\":\"https:\\\/\\\/pianoiturbi.dival.es\\\/el-premio-iturbi-estrena-nueva-imagen\\\/#breadcrumb\"},\"inLanguage\":\"ca\",\"potentialAction\":[{\"@type\":\"ReadAction\",\"target\":[\"https:\\\/\\\/pianoiturbi.dival.es\\\/el-premio-iturbi-estrena-nueva-imagen\\\/\"]}]},{\"@type\":\"ImageObject\",\"inLanguage\":\"ca\",\"@id\":\"https:\\\/\\\/pianoiturbi.dival.es\\\/el-premio-iturbi-estrena-nueva-imagen\\\/#primaryimage\",\"url\":\"https:\\\/\\\/pianoiturbi.dival.es\\\/wp-content\\\/uploads\\\/Caratulas-WEB-01-1.jpg\",\"contentUrl\":\"https:\\\/\\\/pianoiturbi.dival.es\\\/wp-content\\\/uploads\\\/Caratulas-WEB-01-1.jpg\",\"width\":1276,\"height\":1772},{\"@type\":\"BreadcrumbList\",\"@id\":\"https:\\\/\\\/pianoiturbi.dival.es\\\/el-premio-iturbi-estrena-nueva-imagen\\\/#breadcrumb\",\"itemListElement\":[{\"@type\":\"ListItem\",\"position\":1,\"name\":\"Portada\",\"item\":\"https:\\\/\\\/pianoiturbi.dival.es\\\/ca\\\/\"},{\"@type\":\"ListItem\",\"position\":2,\"name\":\"El Premi Iturbi estrena nova imatge\"}]},{\"@type\":\"WebSite\",\"@id\":\"https:\\\/\\\/pianoiturbi.dival.es\\\/#website\",\"url\":\"https:\\\/\\\/pianoiturbi.dival.es\\\/\",\"name\":\"Piano Iturbi\",\"description\":\"El Concurs Internacional de Piano de Val\u00e8ncia Iturbi, plataforma per a joves pianistes de tot el m\u00f3n, \u00e9s un referent de l'escena musical internacional, en combinaci\u00f3 amb el Festival de Piano Iturbi i el programa de recitals\",\"potentialAction\":[{\"@type\":\"SearchAction\",\"target\":{\"@type\":\"EntryPoint\",\"urlTemplate\":\"https:\\\/\\\/pianoiturbi.dival.es\\\/?s={search_term_string}\"},\"query-input\":{\"@type\":\"PropertyValueSpecification\",\"valueRequired\":true,\"valueName\":\"search_term_string\"}}],\"inLanguage\":\"ca\"},{\"@type\":\"Person\",\"@id\":\"https:\\\/\\\/pianoiturbi.dival.es\\\/#\\\/schema\\\/person\\\/0bd12dddf0a443414be377657e55b4f5\",\"name\":\"Uebart.Com\",\"image\":{\"@type\":\"ImageObject\",\"inLanguage\":\"ca\",\"@id\":\"https:\\\/\\\/secure.gravatar.com\\\/avatar\\\/a0b51484042f1af1c2d10d0159a3d14c6fe59494ed180e8b3d770fc7795c9ca5?s=96&d=mm&r=g\",\"url\":\"https:\\\/\\\/secure.gravatar.com\\\/avatar\\\/a0b51484042f1af1c2d10d0159a3d14c6fe59494ed180e8b3d770fc7795c9ca5?s=96&d=mm&r=g\",\"contentUrl\":\"https:\\\/\\\/secure.gravatar.com\\\/avatar\\\/a0b51484042f1af1c2d10d0159a3d14c6fe59494ed180e8b3d770fc7795c9ca5?s=96&d=mm&r=g\",\"caption\":\"Uebart.Com\"},\"url\":\"https:\\\/\\\/pianoiturbi.dival.es\\\/ca\\\/author\\\/uebart-com\\\/\"}]}<\/script>\n<!-- \/ Yoast SEO plugin. -->","yoast_head_json":{"title":"El Premi Iturbi estrena nova imatge - Piano Iturbi","description":"El Concurs Internacional de Piano de Val\u00e8ncia Iturbi, plataforma per a joves pianistes de tot el m\u00f3n, \u00e9s un referent de l'escena musical internacional, en combinaci\u00f3 amb el Festival de Piano Iturbi i el programa de recitals","robots":{"index":"index","follow":"follow","max-snippet":"max-snippet:-1","max-image-preview":"max-image-preview:large","max-video-preview":"max-video-preview:-1"},"canonical":"https:\/\/pianoiturbi.dival.es\/el-premio-iturbi-estrena-nueva-imagen\/","og_locale":"ca_ES","og_type":"article","og_title":"El Premi Iturbi estrena nova imatge - Piano Iturbi","og_description":"El Concurs Internacional de Piano de Val\u00e8ncia Iturbi, plataforma per a joves pianistes de tot el m\u00f3n, \u00e9s un referent de l'escena musical internacional, en combinaci\u00f3 amb el Festival de Piano Iturbi i el programa de recitals","og_url":"https:\/\/pianoiturbi.dival.es\/el-premio-iturbi-estrena-nueva-imagen\/","og_site_name":"Piano Iturbi","article_published_time":"2020-07-03T06:28:00+00:00","article_modified_time":"2020-07-09T06:36:30+00:00","og_image":[{"width":1276,"height":1772,"url":"https:\/\/pianoiturbi.dival.es\/wp-content\/uploads\/Caratulas-WEB-01-1.jpg","type":"image\/jpeg"}],"author":"Uebart.Com","twitter_card":"summary_large_image","twitter_misc":{"Escrit per":"Uebart.Com","Temps estimat de lectura":"2 minuts"},"schema":{"@context":"https:\/\/schema.org","@graph":[{"@type":"Article","@id":"https:\/\/pianoiturbi.dival.es\/el-premio-iturbi-estrena-nueva-imagen\/#article","isPartOf":{"@id":"https:\/\/pianoiturbi.dival.es\/el-premio-iturbi-estrena-nueva-imagen\/"},"author":{"name":"Uebart.Com","@id":"https:\/\/pianoiturbi.dival.es\/#\/schema\/person\/0bd12dddf0a443414be377657e55b4f5"},"headline":"El Premi Iturbi estrena nova imatge","datePublished":"2020-07-03T06:28:00+00:00","dateModified":"2020-07-09T06:36:30+00:00","mainEntityOfPage":{"@id":"https:\/\/pianoiturbi.dival.es\/el-premio-iturbi-estrena-nueva-imagen\/"},"wordCount":484,"commentCount":0,"image":{"@id":"https:\/\/pianoiturbi.dival.es\/el-premio-iturbi-estrena-nueva-imagen\/#primaryimage"},"thumbnailUrl":"https:\/\/pianoiturbi.dival.es\/wp-content\/uploads\/Caratulas-WEB-01-1.jpg","inLanguage":"ca","potentialAction":[{"@type":"CommentAction","name":"Comment","target":["https:\/\/pianoiturbi.dival.es\/el-premio-iturbi-estrena-nueva-imagen\/#respond"]}]},{"@type":"WebPage","@id":"https:\/\/pianoiturbi.dival.es\/el-premio-iturbi-estrena-nueva-imagen\/","url":"https:\/\/pianoiturbi.dival.es\/el-premio-iturbi-estrena-nueva-imagen\/","name":"El Premi Iturbi estrena nova imatge - Piano Iturbi","isPartOf":{"@id":"https:\/\/pianoiturbi.dival.es\/#website"},"primaryImageOfPage":{"@id":"https:\/\/pianoiturbi.dival.es\/el-premio-iturbi-estrena-nueva-imagen\/#primaryimage"},"image":{"@id":"https:\/\/pianoiturbi.dival.es\/el-premio-iturbi-estrena-nueva-imagen\/#primaryimage"},"thumbnailUrl":"https:\/\/pianoiturbi.dival.es\/wp-content\/uploads\/Caratulas-WEB-01-1.jpg","datePublished":"2020-07-03T06:28:00+00:00","dateModified":"2020-07-09T06:36:30+00:00","author":{"@id":"https:\/\/pianoiturbi.dival.es\/#\/schema\/person\/0bd12dddf0a443414be377657e55b4f5"},"description":"El Concurs Internacional de Piano de Val\u00e8ncia Iturbi, plataforma per a joves pianistes de tot el m\u00f3n, \u00e9s un referent de l'escena musical internacional, en combinaci\u00f3 amb el Festival de Piano Iturbi i el programa de recitals","breadcrumb":{"@id":"https:\/\/pianoiturbi.dival.es\/el-premio-iturbi-estrena-nueva-imagen\/#breadcrumb"},"inLanguage":"ca","potentialAction":[{"@type":"ReadAction","target":["https:\/\/pianoiturbi.dival.es\/el-premio-iturbi-estrena-nueva-imagen\/"]}]},{"@type":"ImageObject","inLanguage":"ca","@id":"https:\/\/pianoiturbi.dival.es\/el-premio-iturbi-estrena-nueva-imagen\/#primaryimage","url":"https:\/\/pianoiturbi.dival.es\/wp-content\/uploads\/Caratulas-WEB-01-1.jpg","contentUrl":"https:\/\/pianoiturbi.dival.es\/wp-content\/uploads\/Caratulas-WEB-01-1.jpg","width":1276,"height":1772},{"@type":"BreadcrumbList","@id":"https:\/\/pianoiturbi.dival.es\/el-premio-iturbi-estrena-nueva-imagen\/#breadcrumb","itemListElement":[{"@type":"ListItem","position":1,"name":"Portada","item":"https:\/\/pianoiturbi.dival.es\/ca\/"},{"@type":"ListItem","position":2,"name":"El Premi Iturbi estrena nova imatge"}]},{"@type":"WebSite","@id":"https:\/\/pianoiturbi.dival.es\/#website","url":"https:\/\/pianoiturbi.dival.es\/","name":"Piano Iturbi","description":"El Concurs Internacional de Piano de Val\u00e8ncia Iturbi, plataforma per a joves pianistes de tot el m\u00f3n, \u00e9s un referent de l'escena musical internacional, en combinaci\u00f3 amb el Festival de Piano Iturbi i el programa de recitals","potentialAction":[{"@type":"SearchAction","target":{"@type":"EntryPoint","urlTemplate":"https:\/\/pianoiturbi.dival.es\/?s={search_term_string}"},"query-input":{"@type":"PropertyValueSpecification","valueRequired":true,"valueName":"search_term_string"}}],"inLanguage":"ca"},{"@type":"Person","@id":"https:\/\/pianoiturbi.dival.es\/#\/schema\/person\/0bd12dddf0a443414be377657e55b4f5","name":"Uebart.Com","image":{"@type":"ImageObject","inLanguage":"ca","@id":"https:\/\/secure.gravatar.com\/avatar\/a0b51484042f1af1c2d10d0159a3d14c6fe59494ed180e8b3d770fc7795c9ca5?s=96&d=mm&r=g","url":"https:\/\/secure.gravatar.com\/avatar\/a0b51484042f1af1c2d10d0159a3d14c6fe59494ed180e8b3d770fc7795c9ca5?s=96&d=mm&r=g","contentUrl":"https:\/\/secure.gravatar.com\/avatar\/a0b51484042f1af1c2d10d0159a3d14c6fe59494ed180e8b3d770fc7795c9ca5?s=96&d=mm&r=g","caption":"Uebart.Com"},"url":"https:\/\/pianoiturbi.dival.es\/ca\/author\/uebart-com\/"}]}},"_links":{"self":[{"href":"https:\/\/pianoiturbi.dival.es\/ca\/wp-json\/wp\/v2\/posts\/2110","targetHints":{"allow":["GET"]}}],"collection":[{"href":"https:\/\/pianoiturbi.dival.es\/ca\/wp-json\/wp\/v2\/posts"}],"about":[{"href":"https:\/\/pianoiturbi.dival.es\/ca\/wp-json\/wp\/v2\/types\/post"}],"author":[{"embeddable":true,"href":"https:\/\/pianoiturbi.dival.es\/ca\/wp-json\/wp\/v2\/users\/2"}],"replies":[{"embeddable":true,"href":"https:\/\/pianoiturbi.dival.es\/ca\/wp-json\/wp\/v2\/comments?post=2110"}],"version-history":[{"count":0,"href":"https:\/\/pianoiturbi.dival.es\/ca\/wp-json\/wp\/v2\/posts\/2110\/revisions"}],"wp:featuredmedia":[{"embeddable":true,"href":"https:\/\/pianoiturbi.dival.es\/ca\/wp-json\/wp\/v2\/media\/1964"}],"wp:attachment":[{"href":"https:\/\/pianoiturbi.dival.es\/ca\/wp-json\/wp\/v2\/media?parent=2110"}],"wp:term":[{"taxonomy":"category","embeddable":true,"href":"https:\/\/pianoiturbi.dival.es\/ca\/wp-json\/wp\/v2\/categories?post=2110"},{"taxonomy":"post_tag","embeddable":true,"href":"https:\/\/pianoiturbi.dival.es\/ca\/wp-json\/wp\/v2\/tags?post=2110"}],"curies":[{"name":"wp","href":"https:\/\/api.w.org\/{rel}","templated":true}]}}